{"id":15625,"date":"2020-02-07T21:20:20","date_gmt":"2020-02-07T21:20:20","guid":{"rendered":"https:\/\/triceps.com.tr\/?p=15625"},"modified":"2020-02-07T21:53:57","modified_gmt":"2020-02-07T21:53:57","slug":"kisisel-verilerin-korunmasi-kanunu-ve-yurtdisina-aktarilmasi","status":"publish","type":"post","link":"https:\/\/triceps.com.tr\/tr\/kisisel-verilerin-korunmasi-kanunu-ve-yurtdisina-aktarilmasi\/","title":{"rendered":"Ki\u015fisel Verilerin Korunmas\u0131 Kanunu ve Yurtd\u0131\u015f\u0131na Aktar\u0131lmas\u0131 Hakk\u0131nda"},"content":{"rendered":"<div class=\"wpb-content-wrapper\">[vc_row][vc_column][vc_row_inner][vc_column_inner][vc_column_text animation=&#8221;animation bottom-to-top&#8221;]6698 say\u0131l\u0131 Ki\u015fisel Verilerin Korunmas\u0131 Kanunu ve ki\u015fisel verilerin yurtd\u0131\u015f\u0131na aktar\u0131lmas\u0131 konusunu a\u00e7\u0131klamak, biraz \u00f6zetlemek ve dahas\u0131 konunun bizi, sizi ve m\u00fc\u015fterilerinizi ilgilendiren k\u0131s\u0131mlar\u0131n\u0131 belirli a\u00e7\u0131lardan (veri merkezi, sunucu, web bar\u0131nd\u0131rma servisleri, e-postalar vb.) incelemek ve payla\u015fmak istedim.[\/vc_column_text][\/vc_column_inner][\/vc_row_inner][vc_text_separator title=&#8221;Okuma S\u00fcresi: 12dk.&#8221; i_icon_fontawesome=&#8221;fas fa-book-reader&#8221; i_color=&#8221;black&#8221; css_animation=&#8221;bottom-to-top&#8221; add_icon=&#8221;true&#8221; css=&#8221;.vc_custom_1581108280893{padding-top: 30px !important;padding-bottom: 30px !important;}&#8221;][vc_column_text animation=&#8221;animation bottom-to-top&#8221; css=&#8221;.vc_custom_1581108329382{padding-bottom: 20px !important;}&#8221;]\n<h3>Ki\u015fisel Verilerin Korunmas\u0131 Kanunu 101<\/h3>\n[\/vc_column_text][vc_column_text animation=&#8221;animation bottom-to-top&#8221;]\u00d6ncelikle \u00e7e\u015fitli mevzuatlar ile i\u00e7eri\u011fi s\u00fcrekli de\u011fi\u015fen 6698 say\u0131l\u0131 Ki\u015fisel Verilerin Korunmas\u0131 Kanununa k\u0131saca bakal\u0131m.<\/p>\n<p>Hik\u00e2ye 1981 Y\u0131l\u0131nda Avrupa Konseyi taraf\u0131ndan haz\u0131rlanan \u201cKi\u015fisel Verilerin Otomatik \u0130\u015fleme Tabi Tutulmas\u0131 Kar\u015f\u0131s\u0131nda Bireylerin Korunmas\u0131na \u0130li\u015fkin 108 Say\u0131l\u0131 S\u00f6zle\u015fme\u2019nin\u201d T\u00fcrkiye Cumhuriyeti taraf\u0131ndan imzalanmas\u0131yla ba\u015fl\u0131yor (KVKK, 2020). Sonra uzun bir sessizli\u011fin ard\u0131ndan s\u00f6zle\u015fmenin 2016 tarih ve 29656 say\u0131l\u0131 Resm\u00ee Gazetede yay\u0131mlanarak i\u00e7 hukuka d\u00e2hil edilmesi ve akabinde Anayasa Mahkemesi karar\u0131 ile ki\u015fisel verilerin korunmas\u0131na y\u00f6nelik yasal d\u00fczenleme yap\u0131lmas\u0131 gerekli hale gelmi\u015f. En nihayetinde 6698 say\u0131l\u0131 Ki\u015fisel Verilerin Korunmas\u0131 Kanunu yasala\u015f\u0131yor ve Ki\u015fisel Verileri Koruma Kurulu (KVKK) kurularak i\u015fleyi\u015f, fark\u0131ndal\u0131k, mevzuatlar ile kanunun uygulanabilirli\u011fi ve denetimi sa\u011flan\u0131yor.[\/vc_column_text][vc_toggle title=&#8221;Yorum&#8221; size=&#8221;sm&#8221; open=&#8221;true&#8221; css_animation=&#8221;bottom-to-top&#8221; css=&#8221;.vc_custom_1581108792317{padding-top: 30px !important;padding-left: 30px !important;}&#8221;]Kanun, Anayasam\u0131z\u0131n 20. Maddesinde ge\u00e7en \u201cHerkes, kendisiyle ilgili ki\u015fisel verilerin korunmas\u0131n\u0131 isteme hakk\u0131na sahiptir. Bu hak; ki\u015finin kendisiyle ilgili ki\u015fisel verileri hakk\u0131nda bilgilendirilme, bu verilere eri\u015fme, bunlar\u0131n d\u00fczeltilmesini veya silinmesini talep etme ve ama\u00e7lar\u0131 do\u011frultusunda kullan\u0131l\u0131p kullan\u0131lmad\u0131\u011f\u0131n\u0131 \u00f6\u011frenmeyi de kapsar. Ki\u015fisel veriler, ancak Kanunda \u00f6ng\u00f6r\u00fclen hallerde veya ki\u015finin a\u00e7\u0131k r\u0131zas\u0131yla i\u015flenebilir. Ki\u015fisel verilerin korunmas\u0131na ili\u015fkin esas ve usuller kanunla d\u00fczenlenir\u201d haklar\u0131m\u0131z\u0131 g\u00fcvence alt\u0131na almak ad\u0131na olduk\u00e7a faydal\u0131 ve gerekli g\u00f6z\u00fck\u00fcyor.[\/vc_toggle][vc_zigzag css_animation=&#8221;bottom-to-top&#8221; css=&#8221;.vc_custom_1581109398255{padding-top: 40px !important;padding-bottom: 40px !important;}&#8221;][vc_column_text animation=&#8221;animation bottom-to-top&#8221; css=&#8221;.vc_custom_1581108548367{padding-bottom: 20px !important;}&#8221;]\n<h3>\u201cKi\u015fisel Verilerin \u0130\u015flenmesi\u201d Ne Demektir?<\/h3>\n[\/vc_column_text][vc_column_text animation=&#8221;animation bottom-to-top&#8221;]KVKK\u2019n\u0131n yard\u0131mc\u0131 dok\u00fcmanlardan al\u0131nt\u0131l\u0131yorum; \u201cKi\u015fisel verilerin sunucuda depolanmas\u0131 bir veri i\u015fleme faaliyetidir.\u201d[\/vc_column_text][vc_toggle title=&#8221;Yorum&#8221; size=&#8221;sm&#8221; open=&#8221;true&#8221; css_animation=&#8221;bottom-to-top&#8221; css=&#8221;.vc_custom_1581108801254{padding-top: 30px !important;padding-left: 30px !important;}&#8221;]Buradan al\u0131yoruz ki, bizim ad\u0131m\u0131za \u00e7al\u0131\u015fan sunucu bar\u0131nd\u0131rma servislerimiz, web sayfalar\u0131m\u0131z veya web &amp; mobil uygulamalar\u0131m\u0131za ait verileri saklayan veri taban\u0131 sunucular\u0131m\u0131z, dolay\u0131s\u0131yla fiziksel sunucular\u0131m\u0131z kanuna g\u00f6re \u201cki\u015fisel verileri i\u015fliyor\u201d. Bu durumda biz \u201cVeri Sorumlusu\u201d oluyoruz ve kanuna uyum sa\u011flayacak d\u00fczenlemelere de tabiyiz.[\/vc_toggle][vc_column_text animation=&#8221;animation bottom-to-top&#8221;]Peki sunucu hizmeti alan t\u00fcm \u015fah\u0131slar, firmalar veya kurumlar veri i\u015fliyor mu? Buna cevap vermek i\u00e7in ki\u015fisel verileri i\u015fledi\u011fine emin oldu\u011fumuz birka\u00e7 \u00f6rnek verelim;<\/p>\n<ul>\n<li>E-ticaret altyap\u0131s\u0131na sahip web sayfalar\u0131.<\/li>\n<li>Ki\u015fisel verileri talep eden ve veri taban\u0131na kay\u0131t eden e-b\u00fclten, ileti\u015fim ve \u0130nsan Kaynaklar\u0131 Ba\u015fvuru formlar\u0131.<\/li>\n<li>Ki\u015fisel verileri i\u015fleyen (konum, i\u015fletim sistemi, ya\u015f, cinsiyet vs.) analitik yaz\u0131l\u0131mlar. (Google Analytics ve benzeri)<\/li>\n<li>Ki\u015fisel verileri i\u015fleyen mobil veya web uygulamalar\u0131 (B2B yaz\u0131l\u0131mlar, CRM, Proje Takip Sistemleri, Chat Ara\u00e7lar\u0131, Sosyal Medya Hesab\u0131 ile giri\u015f yapmaya izin veren API tabanl\u0131 uygulamalar vb.)<\/li>\n<\/ul>\n[\/vc_column_text][vc_column_text animation=&#8221;animation bottom-to-top&#8221; css=&#8221;.vc_custom_1581108868327{padding-top: 20px !important;}&#8221;]Ki\u015fisel verileri i\u015flemedi\u011fine emin oldu\u011fumuz birka\u00e7 \u00f6rnek verirsek;<\/p>\n<ul>\n<li>Statik web sayfalar\u0131. (\u015eah\u0131s, firma veya \u00fcr\u00fcn tan\u0131t\u0131m ama\u00e7l\u0131 ve yukar\u0131da listeledi\u011fimiz \u00f6rneklere benzer herhangi bir veri i\u015flemeyen)<\/li>\n<li>Kay\u0131t, giri\u015f vb. fonksiyonlar\u0131 olmayan, \u00fccretsiz web uygulamalar\u0131.<\/li>\n<\/ul>\n[\/vc_column_text][vc_zigzag css_animation=&#8221;bottom-to-top&#8221; css=&#8221;.vc_custom_1581109407458{padding-top: 40px !important;padding-bottom: 40px !important;}&#8221;][vc_column_text animation=&#8221;animation bottom-to-top&#8221; css=&#8221;.vc_custom_1581108916977{padding-bottom: 20px !important;}&#8221;]\n<h3>Triceps ve Sunucular\u0131 Kanunlara Uyumlu mudur?<\/h3>\n[\/vc_column_text][vc_column_text animation=&#8221;animation bottom-to-top&#8221;]Kanun, \u201cgerekli tedbirlerin al\u0131nmas\u0131\u201d gibi bir ibare \u00fczerinden; veri merkezi, sunucu altyap\u0131s\u0131, i\u015fletim sistemi, g\u00fcvenlik duvar\u0131 vb. konular a\u00e7\u0131s\u0131ndan i\u015flenen verilerin g\u00fcvenli\u011fini sorguluyor. \u00d6yleyse Triceps olarak 6698 say\u0131l\u0131 Ki\u015fisel Verilerin Korunmas\u0131 Kanununa uygun olarak \u00e7al\u0131\u015ft\u0131\u011f\u0131m\u0131z\u0131 s\u00f6yleyebiliriz.<\/p>\n<p>Triceps \u00e7at\u0131s\u0131 alt\u0131nda ve \u201cMerll Hosting\u201d markas\u0131 ile hizmet veren fiziksel ve adanm\u0131\u015f web bar\u0131nd\u0131rma sunucular\u0131m\u0131z (dedicated) IBM Veri Merkezinde bizim bildi\u011fimiz en modern ve geli\u015fmi\u015f teknolojiler ile bar\u0131nd\u0131r\u0131l\u0131yor. Sunucu \u00f6zelinde ise gerekli t\u00fcm tedbirlerin (g\u00fcncel i\u015fletim sistemi ve servisler, g\u00fcvenlik duvar\u0131, e-posta taray\u0131c\u0131 ve filtreleri, hesap izolasyonu, s\u0131zma testleri vs.) varsay\u0131lan olarak (kanuna uyumlu) al\u0131nd\u0131\u011f\u0131n\u0131 s\u00f6yleyebiliriz. Daha detayl\u0131 bilgi i\u00e7in l\u00fctfen bu maile cevap vererek bana ula\u015f\u0131n veya web sayfam\u0131zdaki Merll Hosting k\u0131sm\u0131n\u0131 inceleyin.[\/vc_column_text][vc_toggle title=&#8221;\u00d6neri&#8221; size=&#8221;sm&#8221; open=&#8221;true&#8221; css_animation=&#8221;bottom-to-top&#8221; css=&#8221;.vc_custom_1581108975117{padding-top: 30px !important;padding-left: 30px !important;}&#8221;]Sunucular ve i\u015fletim sistemleri (+servisler) bir cep telefonu kadar h\u0131zl\u0131 olmasa da s\u00fcrekli geli\u015fiyor ve d\u00f6n\u00fc\u015f\u00fcyor. Bu sebeple bir sunucu veya veri merkezi bug\u00fcn kanunlara uyumlu olabilir ama bu sonsuza kadar b\u00f6yle kalaca\u011f\u0131 anlam\u0131na gelmiyor. Biz bu sebeple her sene Ocak ay\u0131nda bu konuda ne durumday\u0131z diye bir \u00e7al\u0131\u015fma y\u00fcr\u00fct\u00fcyoruz. Siz de y\u0131lda en az bir kez olmak \u00fczere planlanm\u0131\u015f benzer bir \u00e7al\u0131\u015fmay\u0131 kendi b\u00fcnyenizde y\u00fcr\u00fctebilirsiniz. Bu \u00e7al\u0131\u015fmalar\u0131n\u0131za katk\u0131 sunmaktan mutluluk duyar\u0131z.[\/vc_toggle][vc_column_text animation=&#8221;animation bottom-to-top&#8221;]Kanun ayr\u0131ca, ki\u015filerin hangi verilerini, ne \u015fekilde i\u015fledi\u011fimizi ve veri sahibi diledi\u011finde bizden bu verileri almak ve sildirmek i\u00e7in talepte bulunup bulunamayaca\u011f\u0131n\u0131 sorguluyor. Kanuna uyumlu olmak i\u00e7in bunun m\u00fcmk\u00fcn olmas\u0131 gerekiyor. Biz de gerek web sayfam\u0131zda gerek s\u00f6zle\u015fmelerimizde bunun m\u00fcmk\u00fcn oldu\u011funu belirterek, gerekse de altyap\u0131m\u0131zda buna uyumlu \u00e7al\u0131\u015farak kanuna uyum sa\u011fl\u0131yoruz.[\/vc_column_text][vc_zigzag css_animation=&#8221;bottom-to-top&#8221; css=&#8221;.vc_custom_1581109415776{padding-top: 40px !important;padding-bottom: 40px !important;}&#8221;][vc_column_text animation=&#8221;animation bottom-to-top&#8221; css=&#8221;.vc_custom_1581109038772{padding-bottom: 20px !important;}&#8221;]\n<h3>Sizin Sayfa &amp; Uygulamalar\u0131n\u0131 Kanuna Uyumlu mu?<\/h3>\n[\/vc_column_text][vc_column_text animation=&#8221;animation bottom-to-top&#8221;]Bana g\u00f6re, kanunun dikkat \u00e7ekici y\u00f6nlerini anlatmak ve sizi &amp; bizi ilgilendiren taraflar\u0131n\u0131 \u00f6zetlemek i\u00e7in ilgili senaryolar\u0131 ve sorular\u0131 yazmak \u00e7ok pratik bir y\u00f6ntem:<\/p>\n<ul>\n<li>Web sayfam\u0131zda, kanuna uygun bir \u015fekilde veri i\u015fledi\u011fimize ve bunun da ziyaret\u00e7i ve m\u00fc\u015fterilerimiz taraf\u0131ndan bilindi\u011fi ve kabul edildi\u011fi (A\u00e7\u0131k R\u0131zas\u0131 Oldu\u011fu) \u015eartlar ve Kurallar, Gizlilik S\u00f6zle\u015fmesi veya Ki\u015fisel Verilerin Korunmas\u0131 Hakk\u0131nda gibi bir i\u00e7erik var m\u0131?\n<ul>\n<li>Cevap evet ise; bu i\u00e7eriklere m\u00fc\u015fterilerin veya ziyaret\u00e7ilerin kolayca eri\u015febilece\u011fi bir link var m\u0131?<\/li>\n<li>Cevap hay\u0131r\/emin de\u011filim ise; <a href=\"mailto:kvkk@triceps.com.tr\">kvkk@triceps.com.tr<\/a> mail adresine \u201cBu deste\u011fi m\u00fc\u015fterileriniz i\u00e7in \u00fccretsiz veriyormu\u015fsunuz\u2026\u201d diye ba\u015flayan bir mail atman\u0131z yeterlidir.<\/li>\n<\/ul>\n<\/li>\n<li>Ki\u015filer sizden onun hangi verilerini, hangi \u015fekilde i\u015fledi\u011finizi sorabiliyor ve bu verileri ona iade edip sunucudan da silmenizi (ki\u015fisel verilerin yok edilmesi) talep edebiliyor mu?\n<ul>\n<li>Cevap evet ise; bu talep y\u00f6ntemine ki\u015filer kolayca ula\u015fabiliyor mu?<\/li>\n<li>Cevap evet ise; bu talebi ge\u00e7ekle\u015ftirmek i\u00e7in 30 g\u00fcn s\u00fcreye sahip oldu\u011funuzu ve bunu da yaz\u0131l\u0131 veya elektronik ortamda bildirmeniz gerekti\u011fini biliyor muydunuz?<\/li>\n<li>Cevap evet ise; Gerek\u00e7esini a\u00e7\u0131klayarak talebi reddetme hakk\u0131n\u0131z oldu\u011funu biliyor muydunuz?<\/li>\n<li>Cevap hay\u0131r\/emin de\u011filim ise; <a href=\"mailto:kvkk@triceps.com.tr\">kvkk@triceps.com.tr<\/a> mail adresine \u201cbo\u015f durmay\u0131n, biraz \u00e7al\u0131\u015f\u0131n\u2026\u201d ile ba\u015flayan bir mail atman\u0131z yeterlidir.<\/li>\n<\/ul>\n<\/li>\n<\/ul>\n[\/vc_column_text][vc_zigzag css_animation=&#8221;bottom-to-top&#8221; css=&#8221;.vc_custom_1581109422637{padding-top: 40px !important;padding-bottom: 40px !important;}&#8221;][vc_column_text animation=&#8221;animation bottom-to-top&#8221; css=&#8221;.vc_custom_1581109274575{padding-bottom: 20px !important;}&#8221;]\n<h3>Ki\u015fisel Verilerin Yurtd\u0131\u015f\u0131na Aktar\u0131lmas\u0131 Hakk\u0131nda<\/h3>\n[\/vc_column_text][vc_column_text animation=&#8221;animation bottom-to-top&#8221;]Bizim sunucular\u0131m\u0131z IBM veri merkezinde bar\u0131nd\u0131r\u0131ld\u0131\u011f\u0131 i\u00e7in bizi en fazla bu ba\u015fl\u0131k ilgilendiriyor. Kanunun \u201cKi\u015fisel Verilerin Yurtd\u0131\u015f\u0131na Aktar\u0131lmas\u0131\u201d rehberinden konuyla ilgili al\u0131nt\u0131 yapal\u0131m:<\/p>\n<blockquote><p>\u201cKi\u015fisel verilerin aktar\u0131laca\u011f\u0131 yabanc\u0131 \u00fclkede yeterli koruman\u0131n bulunmas\u0131 kayd\u0131yla, ilgili ki\u015finin a\u00e7\u0131k r\u0131zas\u0131 aranmaks\u0131z\u0131n ki\u015fisel verilerin yurt d\u0131\u015f\u0131na aktar\u0131lmas\u0131na imkan tan\u0131nd\u0131\u011f\u0131 belirtilmektedir.\u201d<\/p><\/blockquote>\n<p>Burada a\u00e7\u0131k\u00e7a belirtildi\u011fi gibi sunucular (belirli \u015fartlar\u0131 yerine getirdi\u011fi s\u00fcrece) yurtd\u0131\u015f\u0131nda bar\u0131nd\u0131r\u0131labilir.[\/vc_column_text][vc_toggle title=&#8221;Yorum&#8221; size=&#8221;sm&#8221; open=&#8221;true&#8221; css_animation=&#8221;bottom-to-top&#8221; css=&#8221;.vc_custom_1581109575303{padding-top: 30px !important;padding-left: 30px !important;}&#8221;]Bunun aksi zaten d\u00fc\u015f\u00fcn\u00fclemez. Bug\u00fcn AWS (Amazon Web Services) veya CloudFlare benzeri servis kullanmayan bir \u00fcniversite, siyasi parti, bakanl\u0131k, oda veya birlik sayfas\u0131 (veri sorumlusu) bulmak \u00e7ok zor. Bunun temel sebebi ise \u0130nternet ortam\u0131ndaki g\u00fcvenlik performans\u0131 veya salt veri g\u00fcvenli\u011fi ba\u015fl\u0131klar\u0131n\u0131n yerele indirgenmesinin m\u00fcmk\u00fcn olamayaca\u011f\u0131d\u0131r. \u0130nternet global bir yap\u0131d\u0131r ve bir verinin fiziki konumundan \u00f6te ona eri\u015fim ve onun g\u00fcvenli\u011fine odaklan\u0131lmal\u0131d\u0131r. \u00d6rne\u011fin bir veri merkezindeki veri i\u00e7in ba\u015f tehdit do\u011fal afet olabilirken bir di\u011ferinde siyasi bask\u0131lar, di\u011ferinde ise sava\u015f ihtimali ilk tehdit olabilir.<\/p>\n<p>Bir di\u011fer a\u00e7\u0131dan; ayn\u0131 tip veri merkezi ve sunucu yap\u0131s\u0131na sahip, \u0130zmir\u2019de konumlanm\u0131\u015f sunucuda depolanan veriye eri\u015fmek ve onun g\u00fcvenli\u011fini tehdit etmek ile New York City\u2019deki bir sunucuya eri\u015fmek ve onun g\u00fcvenli\u011fini tehdit etmek ayn\u0131 olas\u0131l\u0131\u011fa sahiptir. Daha \u00f6nce belirtti\u011fim gibi burada \u00f6nemli olan veri merkezi ve sunucu yap\u0131s\u0131d\u0131r.<\/p>\n<p>Son olarak, uluslararas\u0131 anla\u015fmalar ile g\u00fcvence al\u0131nan ticari ve ki\u015fisel haklar\u0131 yok sayarak verilerin yaln\u0131zca yerelde g\u00fcvence alt\u0131nda olaca\u011f\u0131na inanmak b\u00fct\u00fcn d\u00fcnyan\u0131n bu konuda yan\u0131ld\u0131\u011f\u0131n\u0131 varsaymakt\u0131r.<\/p>\n<p>Bu sebeple veri g\u00fcvenli\u011finde konumdan \u00f6te verilerin depoland\u0131\u011f\u0131 veri merkezinin network yap\u0131s\u0131, enerji verimlili\u011fi ve \u00e7evre duyarl\u0131l\u0131\u011f\u0131, g\u00fcvenlik yakla\u015f\u0131m\u0131 ve tedbirleri ile sunucu \u00fczerindeki donan\u0131msal ve yaz\u0131l\u0131m baz\u0131nda al\u0131nacak \u00f6nlemlere dikkat etmek gerekir.<\/p>\n<p>KVKK, veri merkezleri (altyap\u0131s\u0131) ve sunucu (donan\u0131m ve yaz\u0131l\u0131m) konular\u0131nda belirli standartlar aramal\u0131d\u0131r. Bu net bir \u015fekilde belirtilene kadar veri g\u00fcvenli\u011fine ili\u015fkin y\u00fck\u00fcml\u00fcl\u00fckleri anlad\u0131\u011f\u0131m\u0131z kadar\u0131 ile y\u00fcr\u00fctmemizde ve olabildi\u011fince detayc\u0131 olmam\u0131zda fayda var.[\/vc_toggle][vc_zigzag css_animation=&#8221;bottom-to-top&#8221; css=&#8221;.vc_custom_1581109422637{padding-top: 40px !important;padding-bottom: 40px !important;}&#8221;][vc_column_text animation=&#8221;animation bottom-to-top&#8221; css=&#8221;.vc_custom_1581109708494{padding-bottom: 20px !important;}&#8221;]\n<h3>Veri Sorumlusunun (Sizin ve bizim) Veri G\u00fcvenli\u011fine \u0130li\u015fkin Y\u00fck\u00fcml\u00fcl\u00fckleri Nelerdir?<\/h3>\n[\/vc_column_text][vc_column_text animation=&#8221;animation bottom-to-top&#8221;]Bu soruyu kanunu a\u00e7\u0131klayan rehberden birka\u00e7 madde al\u0131nt\u0131 yaparak cevaplamak istiyorum.<\/p>\n<ul>\n<li>Veri sorumlusu, ki\u015fisel verilerin hukuka ayk\u0131r\u0131 olarak i\u015flenmesini ve verilere hukuka ayk\u0131r\u0131 olarak eri\u015filmesini \u00f6nlemek ile verilerin muhafazas\u0131n\u0131 sa\u011flamak i\u00e7in uygun g\u00fcvenlik d\u00fczeyini temin etmeye y\u00f6nelik gerekli her t\u00fcrl\u00fc teknik ve idari tedbirleri almakla y\u00fck\u00fcml\u00fcd\u00fcr.<\/li>\n<li>Veri sorumlusu, kurum ve kurulu\u015funda Kanun h\u00fck\u00fcmlerinin uygulanmas\u0131n\u0131 sa\u011flamak amac\u0131yla gerekli denetimleri yapmak ve yapt\u0131rmak zorundad\u0131r.<\/li>\n<li>Veri sorumlular\u0131 \u00f6\u011frendikleri ki\u015fisel verileri Kanun h\u00fck\u00fcmlerine ayk\u0131r\u0131 olarak ba\u015fkalar\u0131na a\u00e7\u0131klayamaz ve i\u015fleme amac\u0131 d\u0131\u015f\u0131nda kullanamazlar.<\/li>\n<\/ul>\n[\/vc_column_text][vc_zigzag css_animation=&#8221;bottom-to-top&#8221; css=&#8221;.vc_custom_1581109422637{padding-top: 40px !important;padding-bottom: 40px !important;}&#8221;][vc_column_text animation=&#8221;animation bottom-to-top&#8221; css=&#8221;.vc_custom_1581109699265{padding-bottom: 20px !important;}&#8221;]\n<h3>Bonus: VERBIS Nedir? Kay\u0131t Olmal\u0131 m\u0131y\u0131z?<\/h3>\n[\/vc_column_text][vc_column_text animation=&#8221;animation bottom-to-top&#8221;]VERBIS\u2019in ne oldu\u011funa ilgili rehberden al\u0131nt\u0131 yaparak bakal\u0131m:<\/p>\n<blockquote><p>\u201c6698 say\u0131l\u0131 Ki\u015fisel Verilerin Korunmas\u0131 Kanununun 16. maddesine g\u00f6re ki\u015fisel veri i\u015fleyen ger\u00e7ek ve t\u00fczel ki\u015fi veri sorumlular\u0131n\u0131n ki\u015fisel veri i\u015flemeye ba\u015flamadan \u00f6nce Veri Sorumlular\u0131 Siciline kay\u0131t olmas\u0131 gerekmektedir.\u201d<\/p><\/blockquote>\n[\/vc_column_text][vc_column_text animation=&#8221;animation bottom-to-top&#8221; css=&#8221;.vc_custom_1581109880513{padding-top: 20px !important;}&#8221;]<strong>Kay\u0131t Olmas\u0131na Gerek Olmayanlar:<\/strong><\/p>\n<ul>\n<li>Y\u0131ll\u0131k \u00e7al\u0131\u015fan say\u0131s\u0131 50\u2019den az ve y\u0131ll\u0131k bilan\u00e7osu 25 milyon TL\u2019den az olanlar. (Triceps: Burda!)<\/li>\n<li>Muhasebeciler<\/li>\n<li>Avukatlar ve Arabulucular<\/li>\n<li>Dernekler, Odalar ve Vak\u0131flar, Siyasi Partiler<\/li>\n<\/ul>\n[\/vc_column_text][vc_column_text animation=&#8221;animation bottom-to-top&#8221; css=&#8221;.vc_custom_1581109958977{padding-top: 20px !important;}&#8221;]<strong>Kay\u0131t Olmas\u0131na Gerek Olanlar:<\/strong><br \/>\nA\u00e7\u0131k\u00e7as\u0131 VERBIS\u2019e kay\u0131t gereklili\u011fi yoruma a\u00e7\u0131k. E\u011fer konuyu beraber incelemek isterseniz l\u00fctfen <a href=\"mailto:kvkk@triceps.com.tr\">kvkk@triceps.com.tr<\/a> mail adresine \u201cbug\u00fcn\u00fcn i\u015fini yar\u0131na b\u0131rakmayal\u0131m\u2026\u201d diye ba\u015flayan bir mail atman\u0131z yeterlidir.[\/vc_column_text][vc_column_text animation=&#8221;animation bottom-to-top&#8221; css=&#8221;.vc_custom_1581109953025{padding-top: 20px !important;}&#8221;]<strong>Kay\u0131t Son Tarihi:<\/strong><br \/>\nVERBIS rehberinde 30 Haziran 2020 tarihine kadar kay\u0131t olunmas\u0131 gerekti\u011fi belirtilmi\u015f.<br \/>\n[\/vc_column_text][vc_zigzag css_animation=&#8221;bottom-to-top&#8221; css=&#8221;.vc_custom_1581109422637{padding-top: 40px !important;padding-bottom: 40px !important;}&#8221;][vc_column_text animation=&#8221;animation bottom-to-top&#8221; css=&#8221;.vc_custom_1581109986977{padding-bottom: 20px !important;}&#8221;]\n<h3>Sonu\u00e7lar ve \u00c7\u0131kar\u0131mlar<\/h3>\n[\/vc_column_text][vc_column_text animation=&#8221;animation bottom-to-top&#8221;]Sonu\u00e7 olarak Triceps ve onun web hosting hizmetlerinin 6698 say\u0131l\u0131 Ki\u015fisel Verilerin Korunmas\u0131 Kanununa uyumlu oldu\u011funu ve dolay\u0131s\u0131yla da sizin ve i\u015fletmenizin de g\u00fcvende oldu\u011funu s\u00f6yleyebiliriz.<\/p>\n<p>Elbette sayfan\u0131zda veya uygulamalar\u0131n\u0131zda kimi eksiklikler olabilir, bu konuda 7\/24 hizmetinizdeyiz.<\/p>\n<p>Bence 6698 say\u0131l\u0131 Ki\u015fisel Verilerin Korunmas\u0131 Kanununu yorumlarken gerekmiyor (<a href=\"https:\/\/www.kvkk.gov.tr\/\">https:\/\/www.kvkk.gov.tr\/<\/a> sayfas\u0131nda yeterince a\u00e7\u0131k ve detayl\u0131 i\u00e7erik var. \u00d6zellikle rehberleri okuyunca zaten konu netle\u015fiyor) ama yine de i\u015fin ehline, bir avukata dan\u0131\u015fmak hi\u00e7 fena olmaz.[\/vc_column_text][vc_toggle title=&#8221;Uyar\u0131&#8221; size=&#8221;sm&#8221; open=&#8221;true&#8221; css_animation=&#8221;bottom-to-top&#8221; css=&#8221;.vc_custom_1581110122467{padding-top: 30px !important;padding-left: 30px !important;}&#8221;]Bu yaz\u0131 hukuki bir tavsiye de\u011feri ta\u015f\u0131m\u0131yor olmakla birlikte sizi konuyla ilgili bilgilendirmek ve tedbir almaya davet etmek amac\u0131yla haz\u0131rlanm\u0131\u015ft\u0131r.[\/vc_toggle][vc_text_separator title=&#8221;Kaynak\u00e7a&#8221; i_icon_fontawesome=&#8221;fas fa-book&#8221; i_color=&#8221;black&#8221; css_animation=&#8221;bottom-to-top&#8221; add_icon=&#8221;true&#8221; css=&#8221;.vc_custom_1581110298205{padding-top: 30px !important;padding-bottom: 30px !important;}&#8221;][vc_column_text animation=&#8221;animation bottom-to-top&#8221;]\n<ul>\n<li>Ki\u015fisel Verileri Koruma Kurumu (KVKK) Resm\u00ee Web Sayfas\u0131- <a href=\"https:\/\/www.kvkk.gov.tr\/\">https:\/\/www.kvkk.gov.tr\/<\/a><\/li>\n<li>100 Soruda Ki\u015fisel Verilerin Korunmas\u0131 Kanunu, KVKK Rehberleri &#8211; <a href=\"https:\/\/www.kvkk.gov.tr\/SharedFolderServer\/CMSFiles\/7d5b0a2f-e0ea-41e0-bf0b-bc9e43dfb57a.pdf\">https:\/\/www.kvkk.gov.tr\/SharedFolderServer\/CMSFiles\/7d5b0a2f-e0ea-41e0-bf0b-bc9e43dfb57a.pdf<\/a><\/li>\n<li>Ki\u015fisel Verilerin Yurtd\u0131\u015f\u0131na Aktar\u0131lmas\u0131, KVKK Rehberleri- <a href=\"https:\/\/www.kvkk.gov.tr\/SharedFolderServer\/CMSFiles\/ca163cb6-39ad-4024-870a-8a9508c92387.pdf\">https:\/\/www.kvkk.gov.tr\/SharedFolderServer\/CMSFiles\/ca163cb6-39ad-4024-870a-8a9508c92387.pdf<\/a><\/li>\n<li>VERB\u0130S-Veri Sorumlular\u0131 Sicil Bilgi Sistemi- <a href=\"https:\/\/verbis.kvkk.gov.tr\/\">https:\/\/verbis.kvkk.gov.tr\/<\/a><\/li>\n<li>Sorularla Veri Sorumlular\u0131 Sicil Bilgi Sistemi (VERB\u0130S)- <a href=\"https:\/\/verbis.kvkk.gov.tr\/UploadedFiles\/SORULARLA_VERB%C4%B0S.pdf\">https:\/\/verbis.kvkk.gov.tr\/UploadedFiles\/SORULARLA_VERB%C4%B0S.pdf<\/a><\/li>\n<li>Words to Time Conversion- <a href=\"https:\/\/www.voices.com\/tools\/words_to_time_conversion\">https:\/\/www.voices.com\/tools\/words_to_time_conversion<\/a><\/li>\n<li>IBM Cloud &#8211; <a href=\"https:\/\/www.ibm.com\/cloud\/data-centers\/\">https:\/\/www.ibm.com\/cloud\/data-centers\/<\/a><\/li>\n<li>Triceps Bilgi Teknolojileri ve The Web Tailor, Inc.- <a href=\"https:\/\/triceps.com.tr\/tr\/merll-hosting\/\">https:\/\/triceps.com.tr\/tr\/merll-hosting\/<\/a><\/li>\n<li>Triceps M\u00fc\u015fteri Hizmetleri- <a href=\"https:\/\/triceps.com.tr\/tr\/musteri-hizmetleri\/\">https:\/\/triceps.com.tr\/tr\/musteri-hizmetleri\/<\/a><\/li>\n<\/ul>\n[\/vc_column_text][\/vc_column][\/vc_row]\n<\/div>","protected":false},"excerpt":{"rendered":"<p>[vc_row][vc_column][vc_row_inner][vc_column_inner][vc_column_text animation=&#8221;animation bottom-to-top&#8221;]6698 say\u0131l\u0131 Ki\u015fisel Verilerin Korunmas\u0131 Kanunu ve ki\u015fisel verilerin yurtd\u0131\u015f\u0131na aktar\u0131lmas\u0131 konusunu a\u00e7\u0131klamak, biraz \u00f6zetlemek ve dahas\u0131 konunun bizi, sizi ve m\u00fc\u015fterilerinizi ilgilendiren&hellip;<\/p>\n","protected":false},"author":3,"featured_media":15629,"comment_status":"open","ping_status":"closed","sticky":false,"template":"","format":"standard","meta":{"footnotes":""},"categories":[104,114],"tags":[164,163,166,167,165],"class_list":["post-15625","post","type-post","status-publish","format-standard","has-post-thumbnail","hentry","category-turkce-blog","category-makaleler","tag-kisisel-veriler","tag-kvkk","tag-server","tag-veri-merkezi","tag-veri-sorumlusu"],"yoast_head":"<!-- This site is optimized with the Yoast SEO plugin v27.5 - https:\/\/yoast.com\/product\/yoast-seo-wordpress\/ -->\n<title>Ki\u015fisel Verilerin Korunmas\u0131 Kanunu ve Yurtd\u0131\u015f\u0131na Aktar\u0131lmas\u0131 Hakk\u0131nda &#8212; Triceps - the web tailor<\/title>\n<meta name=\"description\" content=\"Ki\u015fisel Verilerin Korunmas\u0131 Kanunu ve yurtd\u0131\u015f\u0131na aktar\u0131lmas\u0131 konusunu belirli a\u00e7\u0131lardan (veri merkezi, sunucu, web servisleri) incelemek istedim.\" \/>\n<meta name=\"robots\" content=\"index, follow, max-snippet:-1, max-image-preview:large, max-video-preview:-1\" \/>\n<link rel=\"canonical\" href=\"https:\/\/triceps.com.tr\/tr\/kisisel-verilerin-korunmasi-kanunu-ve-yurtdisina-aktarilmasi\/\" \/>\n<meta property=\"og:locale\" content=\"tr_TR\" \/>\n<meta property=\"og:type\" content=\"article\" \/>\n<meta property=\"og:title\" content=\"Ki\u015fisel Verilerin Korunmas\u0131 Kanunu ve Yurtd\u0131\u015f\u0131na Aktar\u0131lmas\u0131 Hakk\u0131nda &#8212; Triceps - the web tailor\" \/>\n<meta property=\"og:description\" content=\"Ki\u015fisel Verilerin Korunmas\u0131 Kanunu ve yurtd\u0131\u015f\u0131na aktar\u0131lmas\u0131 konusunu belirli a\u00e7\u0131lardan (veri merkezi, sunucu, web servisleri) incelemek istedim.\" \/>\n<meta property=\"og:url\" content=\"https:\/\/triceps.com.tr\/tr\/kisisel-verilerin-korunmasi-kanunu-ve-yurtdisina-aktarilmasi\/\" \/>\n<meta property=\"og:site_name\" content=\"Triceps - the web tailor\" \/>\n<meta property=\"article:publisher\" content=\"https:\/\/www.facebook.com\/thewebtailor\" \/>\n<meta property=\"article:published_time\" content=\"2020-02-07T21:20:20+00:00\" \/>\n<meta property=\"article:modified_time\" content=\"2020-02-07T21:53:57+00:00\" \/>\n<meta property=\"og:image\" content=\"https:\/\/tricepscomtr.s3-accelerate.amazonaws.com\/2020\/02\/kvkk.jpg\" \/>\n\t<meta property=\"og:image:width\" content=\"1920\" \/>\n\t<meta property=\"og:image:height\" content=\"1282\" \/>\n\t<meta property=\"og:image:type\" content=\"image\/jpeg\" \/>\n<meta name=\"author\" content=\"Burak Kucuk\" \/>\n<meta name=\"twitter:card\" content=\"summary_large_image\" \/>\n<meta name=\"twitter:creator\" content=\"@thewebtailor\" \/>\n<meta name=\"twitter:site\" content=\"@thewebtailor\" \/>\n<meta name=\"twitter:label1\" content=\"Yazan:\" \/>\n\t<meta name=\"twitter:data1\" content=\"Burak Kucuk\" \/>\n\t<meta name=\"twitter:label2\" content=\"Tahmini okuma s\u00fcresi\" \/>\n\t<meta name=\"twitter:data2\" content=\"14 dakika\" \/>\n<script type=\"application\/ld+json\" class=\"yoast-schema-graph\">{\"@context\":\"https:\\\/\\\/schema.org\",\"@graph\":[{\"@type\":\"Article\",\"@id\":\"https:\\\/\\\/triceps.com.tr\\\/tr\\\/kisisel-verilerin-korunmasi-kanunu-ve-yurtdisina-aktarilmasi\\\/#article\",\"isPartOf\":{\"@id\":\"https:\\\/\\\/triceps.com.tr\\\/tr\\\/kisisel-verilerin-korunmasi-kanunu-ve-yurtdisina-aktarilmasi\\\/\"},\"author\":{\"name\":\"Burak Kucuk\",\"@id\":\"https:\\\/\\\/triceps.com.tr\\\/tr\\\/#\\\/schema\\\/person\\\/90a6bea7ebdb829e66e8045d0b102d1c\"},\"headline\":\"Ki\u015fisel Verilerin Korunmas\u0131 Kanunu ve Yurtd\u0131\u015f\u0131na Aktar\u0131lmas\u0131 Hakk\u0131nda\",\"datePublished\":\"2020-02-07T21:20:20+00:00\",\"dateModified\":\"2020-02-07T21:53:57+00:00\",\"mainEntityOfPage\":{\"@id\":\"https:\\\/\\\/triceps.com.tr\\\/tr\\\/kisisel-verilerin-korunmasi-kanunu-ve-yurtdisina-aktarilmasi\\\/\"},\"wordCount\":2719,\"commentCount\":0,\"publisher\":{\"@id\":\"https:\\\/\\\/triceps.com.tr\\\/tr\\\/#organization\"},\"image\":{\"@id\":\"https:\\\/\\\/triceps.com.tr\\\/tr\\\/kisisel-verilerin-korunmasi-kanunu-ve-yurtdisina-aktarilmasi\\\/#primaryimage\"},\"thumbnailUrl\":\"https:\\\/\\\/triceps.com.tr\\\/wp-content\\\/uploads\\\/2020\\\/02\\\/kvkk.jpg\",\"keywords\":[\"Ki\u015fisel Veriler\",\"KVKK\",\"Server\",\"Veri Merkezi\",\"Veri Sorumlusu\"],\"articleSection\":[\"Blog\",\"Makaleler\"],\"inLanguage\":\"tr\",\"potentialAction\":[{\"@type\":\"CommentAction\",\"name\":\"Comment\",\"target\":[\"https:\\\/\\\/triceps.com.tr\\\/tr\\\/kisisel-verilerin-korunmasi-kanunu-ve-yurtdisina-aktarilmasi\\\/#respond\"]}]},{\"@type\":\"WebPage\",\"@id\":\"https:\\\/\\\/triceps.com.tr\\\/tr\\\/kisisel-verilerin-korunmasi-kanunu-ve-yurtdisina-aktarilmasi\\\/\",\"url\":\"https:\\\/\\\/triceps.com.tr\\\/tr\\\/kisisel-verilerin-korunmasi-kanunu-ve-yurtdisina-aktarilmasi\\\/\",\"name\":\"Ki\u015fisel Verilerin Korunmas\u0131 Kanunu ve Yurtd\u0131\u015f\u0131na Aktar\u0131lmas\u0131 Hakk\u0131nda &#8212; Triceps - the web tailor\",\"isPartOf\":{\"@id\":\"https:\\\/\\\/triceps.com.tr\\\/tr\\\/#website\"},\"primaryImageOfPage\":{\"@id\":\"https:\\\/\\\/triceps.com.tr\\\/tr\\\/kisisel-verilerin-korunmasi-kanunu-ve-yurtdisina-aktarilmasi\\\/#primaryimage\"},\"image\":{\"@id\":\"https:\\\/\\\/triceps.com.tr\\\/tr\\\/kisisel-verilerin-korunmasi-kanunu-ve-yurtdisina-aktarilmasi\\\/#primaryimage\"},\"thumbnailUrl\":\"https:\\\/\\\/triceps.com.tr\\\/wp-content\\\/uploads\\\/2020\\\/02\\\/kvkk.jpg\",\"datePublished\":\"2020-02-07T21:20:20+00:00\",\"dateModified\":\"2020-02-07T21:53:57+00:00\",\"description\":\"Ki\u015fisel Verilerin Korunmas\u0131 Kanunu ve yurtd\u0131\u015f\u0131na aktar\u0131lmas\u0131 konusunu belirli a\u00e7\u0131lardan (veri merkezi, sunucu, web servisleri) incelemek istedim.\",\"breadcrumb\":{\"@id\":\"https:\\\/\\\/triceps.com.tr\\\/tr\\\/kisisel-verilerin-korunmasi-kanunu-ve-yurtdisina-aktarilmasi\\\/#breadcrumb\"},\"inLanguage\":\"tr\",\"potentialAction\":[{\"@type\":\"ReadAction\",\"target\":[\"https:\\\/\\\/triceps.com.tr\\\/tr\\\/kisisel-verilerin-korunmasi-kanunu-ve-yurtdisina-aktarilmasi\\\/\"]}]},{\"@type\":\"ImageObject\",\"inLanguage\":\"tr\",\"@id\":\"https:\\\/\\\/triceps.com.tr\\\/tr\\\/kisisel-verilerin-korunmasi-kanunu-ve-yurtdisina-aktarilmasi\\\/#primaryimage\",\"url\":\"https:\\\/\\\/triceps.com.tr\\\/wp-content\\\/uploads\\\/2020\\\/02\\\/kvkk.jpg\",\"contentUrl\":\"https:\\\/\\\/triceps.com.tr\\\/wp-content\\\/uploads\\\/2020\\\/02\\\/kvkk.jpg\",\"width\":1920,\"height\":1282,\"caption\":\"Ki\u015fisel Verilerin Korunmas\u0131\"},{\"@type\":\"BreadcrumbList\",\"@id\":\"https:\\\/\\\/triceps.com.tr\\\/tr\\\/kisisel-verilerin-korunmasi-kanunu-ve-yurtdisina-aktarilmasi\\\/#breadcrumb\",\"itemListElement\":[{\"@type\":\"ListItem\",\"position\":1,\"name\":\"Home\",\"item\":\"https:\\\/\\\/triceps.com.tr\\\/tr\\\/\"},{\"@type\":\"ListItem\",\"position\":2,\"name\":\"Ki\u015fisel Verilerin Korunmas\u0131 Kanunu ve Yurtd\u0131\u015f\u0131na Aktar\u0131lmas\u0131 Hakk\u0131nda\"}]},{\"@type\":\"WebSite\",\"@id\":\"https:\\\/\\\/triceps.com.tr\\\/tr\\\/#website\",\"url\":\"https:\\\/\\\/triceps.com.tr\\\/tr\\\/\",\"name\":\"Triceps - the web tailor\",\"description\":\"Haute Couture Web Design\",\"publisher\":{\"@id\":\"https:\\\/\\\/triceps.com.tr\\\/tr\\\/#organization\"},\"potentialAction\":[{\"@type\":\"SearchAction\",\"target\":{\"@type\":\"EntryPoint\",\"urlTemplate\":\"https:\\\/\\\/triceps.com.tr\\\/tr\\\/?s={search_term_string}\"},\"query-input\":{\"@type\":\"PropertyValueSpecification\",\"valueRequired\":true,\"valueName\":\"search_term_string\"}}],\"inLanguage\":\"tr\"},{\"@type\":\"Organization\",\"@id\":\"https:\\\/\\\/triceps.com.tr\\\/tr\\\/#organization\",\"name\":\"Triceps - The Web Tailor\",\"url\":\"https:\\\/\\\/triceps.com.tr\\\/tr\\\/\",\"logo\":{\"@type\":\"ImageObject\",\"inLanguage\":\"tr\",\"@id\":\"https:\\\/\\\/triceps.com.tr\\\/tr\\\/#\\\/schema\\\/logo\\\/image\\\/\",\"url\":\"https:\\\/\\\/triceps.com.tr\\\/wp-content\\\/uploads\\\/2014\\\/11\\\/favicon-1.png\",\"contentUrl\":\"https:\\\/\\\/triceps.com.tr\\\/wp-content\\\/uploads\\\/2014\\\/11\\\/favicon-1.png\",\"width\":1024,\"height\":1024,\"caption\":\"Triceps - The Web Tailor\"},\"image\":{\"@id\":\"https:\\\/\\\/triceps.com.tr\\\/tr\\\/#\\\/schema\\\/logo\\\/image\\\/\"},\"sameAs\":[\"https:\\\/\\\/www.facebook.com\\\/thewebtailor\",\"https:\\\/\\\/x.com\\\/thewebtailor\",\"https:\\\/\\\/www.linkedin.com\\\/company\\\/triceps-the-web-tailor\"]},{\"@type\":\"Person\",\"@id\":\"https:\\\/\\\/triceps.com.tr\\\/tr\\\/#\\\/schema\\\/person\\\/90a6bea7ebdb829e66e8045d0b102d1c\",\"name\":\"Burak Kucuk\",\"image\":{\"@type\":\"ImageObject\",\"inLanguage\":\"tr\",\"@id\":\"https:\\\/\\\/secure.gravatar.com\\\/avatar\\\/353b582df99ac1a8b6f54acf2341c939d9ae6b068d70078ede279839ff8b0f4f?s=96&d=mm&r=g\",\"url\":\"https:\\\/\\\/secure.gravatar.com\\\/avatar\\\/353b582df99ac1a8b6f54acf2341c939d9ae6b068d70078ede279839ff8b0f4f?s=96&d=mm&r=g\",\"contentUrl\":\"https:\\\/\\\/secure.gravatar.com\\\/avatar\\\/353b582df99ac1a8b6f54acf2341c939d9ae6b068d70078ede279839ff8b0f4f?s=96&d=mm&r=g\",\"caption\":\"Burak Kucuk\"}}]}<\/script>\n<!-- \/ Yoast SEO plugin. -->","yoast_head_json":{"title":"Ki\u015fisel Verilerin Korunmas\u0131 Kanunu ve Yurtd\u0131\u015f\u0131na Aktar\u0131lmas\u0131 Hakk\u0131nda &#8212; Triceps - the web tailor","description":"Ki\u015fisel Verilerin Korunmas\u0131 Kanunu ve yurtd\u0131\u015f\u0131na aktar\u0131lmas\u0131 konusunu belirli a\u00e7\u0131lardan (veri merkezi, sunucu, web servisleri) incelemek istedim.","robots":{"index":"index","follow":"follow","max-snippet":"max-snippet:-1","max-image-preview":"max-image-preview:large","max-video-preview":"max-video-preview:-1"},"canonical":"https:\/\/triceps.com.tr\/tr\/kisisel-verilerin-korunmasi-kanunu-ve-yurtdisina-aktarilmasi\/","og_locale":"tr_TR","og_type":"article","og_title":"Ki\u015fisel Verilerin Korunmas\u0131 Kanunu ve Yurtd\u0131\u015f\u0131na Aktar\u0131lmas\u0131 Hakk\u0131nda &#8212; Triceps - the web tailor","og_description":"Ki\u015fisel Verilerin Korunmas\u0131 Kanunu ve yurtd\u0131\u015f\u0131na aktar\u0131lmas\u0131 konusunu belirli a\u00e7\u0131lardan (veri merkezi, sunucu, web servisleri) incelemek istedim.","og_url":"https:\/\/triceps.com.tr\/tr\/kisisel-verilerin-korunmasi-kanunu-ve-yurtdisina-aktarilmasi\/","og_site_name":"Triceps - the web tailor","article_publisher":"https:\/\/www.facebook.com\/thewebtailor","article_published_time":"2020-02-07T21:20:20+00:00","article_modified_time":"2020-02-07T21:53:57+00:00","og_image":[{"width":1920,"height":1282,"url":"https:\/\/tricepscomtr.s3-accelerate.amazonaws.com\/2020\/02\/kvkk.jpg","type":"image\/jpeg"}],"author":"Burak Kucuk","twitter_card":"summary_large_image","twitter_creator":"@thewebtailor","twitter_site":"@thewebtailor","twitter_misc":{"Yazan:":"Burak Kucuk","Tahmini okuma s\u00fcresi":"14 dakika"},"schema":{"@context":"https:\/\/schema.org","@graph":[{"@type":"Article","@id":"https:\/\/triceps.com.tr\/tr\/kisisel-verilerin-korunmasi-kanunu-ve-yurtdisina-aktarilmasi\/#article","isPartOf":{"@id":"https:\/\/triceps.com.tr\/tr\/kisisel-verilerin-korunmasi-kanunu-ve-yurtdisina-aktarilmasi\/"},"author":{"name":"Burak Kucuk","@id":"https:\/\/triceps.com.tr\/tr\/#\/schema\/person\/90a6bea7ebdb829e66e8045d0b102d1c"},"headline":"Ki\u015fisel Verilerin Korunmas\u0131 Kanunu ve Yurtd\u0131\u015f\u0131na Aktar\u0131lmas\u0131 Hakk\u0131nda","datePublished":"2020-02-07T21:20:20+00:00","dateModified":"2020-02-07T21:53:57+00:00","mainEntityOfPage":{"@id":"https:\/\/triceps.com.tr\/tr\/kisisel-verilerin-korunmasi-kanunu-ve-yurtdisina-aktarilmasi\/"},"wordCount":2719,"commentCount":0,"publisher":{"@id":"https:\/\/triceps.com.tr\/tr\/#organization"},"image":{"@id":"https:\/\/triceps.com.tr\/tr\/kisisel-verilerin-korunmasi-kanunu-ve-yurtdisina-aktarilmasi\/#primaryimage"},"thumbnailUrl":"https:\/\/triceps.com.tr\/wp-content\/uploads\/2020\/02\/kvkk.jpg","keywords":["Ki\u015fisel Veriler","KVKK","Server","Veri Merkezi","Veri Sorumlusu"],"articleSection":["Blog","Makaleler"],"inLanguage":"tr","potentialAction":[{"@type":"CommentAction","name":"Comment","target":["https:\/\/triceps.com.tr\/tr\/kisisel-verilerin-korunmasi-kanunu-ve-yurtdisina-aktarilmasi\/#respond"]}]},{"@type":"WebPage","@id":"https:\/\/triceps.com.tr\/tr\/kisisel-verilerin-korunmasi-kanunu-ve-yurtdisina-aktarilmasi\/","url":"https:\/\/triceps.com.tr\/tr\/kisisel-verilerin-korunmasi-kanunu-ve-yurtdisina-aktarilmasi\/","name":"Ki\u015fisel Verilerin Korunmas\u0131 Kanunu ve Yurtd\u0131\u015f\u0131na Aktar\u0131lmas\u0131 Hakk\u0131nda &#8212; Triceps - the web tailor","isPartOf":{"@id":"https:\/\/triceps.com.tr\/tr\/#website"},"primaryImageOfPage":{"@id":"https:\/\/triceps.com.tr\/tr\/kisisel-verilerin-korunmasi-kanunu-ve-yurtdisina-aktarilmasi\/#primaryimage"},"image":{"@id":"https:\/\/triceps.com.tr\/tr\/kisisel-verilerin-korunmasi-kanunu-ve-yurtdisina-aktarilmasi\/#primaryimage"},"thumbnailUrl":"https:\/\/triceps.com.tr\/wp-content\/uploads\/2020\/02\/kvkk.jpg","datePublished":"2020-02-07T21:20:20+00:00","dateModified":"2020-02-07T21:53:57+00:00","description":"Ki\u015fisel Verilerin Korunmas\u0131 Kanunu ve yurtd\u0131\u015f\u0131na aktar\u0131lmas\u0131 konusunu belirli a\u00e7\u0131lardan (veri merkezi, sunucu, web servisleri) incelemek istedim.","breadcrumb":{"@id":"https:\/\/triceps.com.tr\/tr\/kisisel-verilerin-korunmasi-kanunu-ve-yurtdisina-aktarilmasi\/#breadcrumb"},"inLanguage":"tr","potentialAction":[{"@type":"ReadAction","target":["https:\/\/triceps.com.tr\/tr\/kisisel-verilerin-korunmasi-kanunu-ve-yurtdisina-aktarilmasi\/"]}]},{"@type":"ImageObject","inLanguage":"tr","@id":"https:\/\/triceps.com.tr\/tr\/kisisel-verilerin-korunmasi-kanunu-ve-yurtdisina-aktarilmasi\/#primaryimage","url":"https:\/\/triceps.com.tr\/wp-content\/uploads\/2020\/02\/kvkk.jpg","contentUrl":"https:\/\/triceps.com.tr\/wp-content\/uploads\/2020\/02\/kvkk.jpg","width":1920,"height":1282,"caption":"Ki\u015fisel Verilerin Korunmas\u0131"},{"@type":"BreadcrumbList","@id":"https:\/\/triceps.com.tr\/tr\/kisisel-verilerin-korunmasi-kanunu-ve-yurtdisina-aktarilmasi\/#breadcrumb","itemListElement":[{"@type":"ListItem","position":1,"name":"Home","item":"https:\/\/triceps.com.tr\/tr\/"},{"@type":"ListItem","position":2,"name":"Ki\u015fisel Verilerin Korunmas\u0131 Kanunu ve Yurtd\u0131\u015f\u0131na Aktar\u0131lmas\u0131 Hakk\u0131nda"}]},{"@type":"WebSite","@id":"https:\/\/triceps.com.tr\/tr\/#website","url":"https:\/\/triceps.com.tr\/tr\/","name":"Triceps - the web tailor","description":"Haute Couture Web Design","publisher":{"@id":"https:\/\/triceps.com.tr\/tr\/#organization"},"potentialAction":[{"@type":"SearchAction","target":{"@type":"EntryPoint","urlTemplate":"https:\/\/triceps.com.tr\/tr\/?s={search_term_string}"},"query-input":{"@type":"PropertyValueSpecification","valueRequired":true,"valueName":"search_term_string"}}],"inLanguage":"tr"},{"@type":"Organization","@id":"https:\/\/triceps.com.tr\/tr\/#organization","name":"Triceps - The Web Tailor","url":"https:\/\/triceps.com.tr\/tr\/","logo":{"@type":"ImageObject","inLanguage":"tr","@id":"https:\/\/triceps.com.tr\/tr\/#\/schema\/logo\/image\/","url":"https:\/\/triceps.com.tr\/wp-content\/uploads\/2014\/11\/favicon-1.png","contentUrl":"https:\/\/triceps.com.tr\/wp-content\/uploads\/2014\/11\/favicon-1.png","width":1024,"height":1024,"caption":"Triceps - The Web Tailor"},"image":{"@id":"https:\/\/triceps.com.tr\/tr\/#\/schema\/logo\/image\/"},"sameAs":["https:\/\/www.facebook.com\/thewebtailor","https:\/\/x.com\/thewebtailor","https:\/\/www.linkedin.com\/company\/triceps-the-web-tailor"]},{"@type":"Person","@id":"https:\/\/triceps.com.tr\/tr\/#\/schema\/person\/90a6bea7ebdb829e66e8045d0b102d1c","name":"Burak Kucuk","image":{"@type":"ImageObject","inLanguage":"tr","@id":"https:\/\/secure.gravatar.com\/avatar\/353b582df99ac1a8b6f54acf2341c939d9ae6b068d70078ede279839ff8b0f4f?s=96&d=mm&r=g","url":"https:\/\/secure.gravatar.com\/avatar\/353b582df99ac1a8b6f54acf2341c939d9ae6b068d70078ede279839ff8b0f4f?s=96&d=mm&r=g","contentUrl":"https:\/\/secure.gravatar.com\/avatar\/353b582df99ac1a8b6f54acf2341c939d9ae6b068d70078ede279839ff8b0f4f?s=96&d=mm&r=g","caption":"Burak Kucuk"}}]}},"_links":{"self":[{"href":"https:\/\/triceps.com.tr\/tr\/wp-json\/wp\/v2\/posts\/15625","targetHints":{"allow":["GET"]}}],"collection":[{"href":"https:\/\/triceps.com.tr\/tr\/wp-json\/wp\/v2\/posts"}],"about":[{"href":"https:\/\/triceps.com.tr\/tr\/wp-json\/wp\/v2\/types\/post"}],"author":[{"embeddable":true,"href":"https:\/\/triceps.com.tr\/tr\/wp-json\/wp\/v2\/users\/3"}],"replies":[{"embeddable":true,"href":"https:\/\/triceps.com.tr\/tr\/wp-json\/wp\/v2\/comments?post=15625"}],"version-history":[{"count":0,"href":"https:\/\/triceps.com.tr\/tr\/wp-json\/wp\/v2\/posts\/15625\/revisions"}],"wp:featuredmedia":[{"embeddable":true,"href":"https:\/\/triceps.com.tr\/tr\/wp-json\/wp\/v2\/media\/15629"}],"wp:attachment":[{"href":"https:\/\/triceps.com.tr\/tr\/wp-json\/wp\/v2\/media?parent=15625"}],"wp:term":[{"taxonomy":"category","embeddable":true,"href":"https:\/\/triceps.com.tr\/tr\/wp-json\/wp\/v2\/categories?post=15625"},{"taxonomy":"post_tag","embeddable":true,"href":"https:\/\/triceps.com.tr\/tr\/wp-json\/wp\/v2\/tags?post=15625"}],"curies":[{"name":"wp","href":"https:\/\/api.w.org\/{rel}","templated":true}]}}